{"id":49,"date":"2023-11-06T16:36:17","date_gmt":"2023-11-06T15:36:17","guid":{"rendered":"http:\/\/dev.brotherfilms.fr\/?p=49"},"modified":"2024-02-16T15:48:12","modified_gmt":"2024-02-16T14:48:12","slug":"selection-de-lautre-reve-de-martin-luther-king-au-festival-international-du-film-dhistoire-de-pessac","status":"publish","type":"post","link":"https:\/\/www.brotherfilms.fr\/en\/2023\/11\/06\/selection-de-lautre-reve-de-martin-luther-king-au-festival-international-du-film-dhistoire-de-pessac\/","title":{"rendered":"S\u00e9lection de \u00ab\u00a0L&rsquo;autre r\u00eave de Martin Luther King\u00a0\u00bb au Festival International du Film d&rsquo;Histoire de Pessac"},"content":{"rendered":"<p class=\"has-small-font-size\">Fiers et heureux d&rsquo;annoncer la s\u00e9lection de \u00ab\u00a0L&rsquo;autre r\u00eave de Martin Luther King\u00a0\u00bb de Barbara Necek et Laurent Chikhoun au <a href=\"https:\/\/www.cinema-histoire-pessac.com\/\" target=\"_blank\" rel=\"noreferrer noopener\">Festival International du Film d&rsquo;Histoire de Pessac<\/a> en comp\u00e9tition panorama du documentaire ! Le film sera projet\u00e9 mercredi 22 novembre \u00e0 20h30.<\/p>","protected":false},"excerpt":{"rendered":"<p>Fiers et heureux d&rsquo;annoncer la s\u00e9lection de \u00ab\u00a0L&rsquo;autre r\u00eave de Martin Luther King\u00a0\u00bb de Barbara Necek et Laurent Chikhoun au Festival International du Film d&rsquo;Histoire de Pessac en comp\u00e9tition panorama du documentaire ! Le film sera projet\u00e9 mercredi 22 novembre \u00e0 20h30.<\/p>","protected":false},"author":1,"featured_media":77,"comment_status":"open","ping_status":"open","sticky":false,"template":"","format":"standard","meta":{"footnotes":""},"categories":[1],"tags":[],"class_list":["post-49","post","type-post","status-publish","format-standard","has-post-thumbnail","hentry","category-non-classe"],"_links":{"self":[{"href":"https:\/\/www.brotherfilms.fr\/en\/wp-json\/wp\/v2\/posts\/49","targetHints":{"allow":["GET"]}}],"collection":[{"href":"https:\/\/www.brotherfilms.fr\/en\/wp-json\/wp\/v2\/posts"}],"about":[{"href":"https:\/\/www.brotherfilms.fr\/en\/wp-json\/wp\/v2\/types\/post"}],"author":[{"embeddable":true,"href":"https:\/\/www.brotherfilms.fr\/en\/wp-json\/wp\/v2\/users\/1"}],"replies":[{"embeddable":true,"href":"https:\/\/www.brotherfilms.fr\/en\/wp-json\/wp\/v2\/comments?post=49"}],"version-history":[{"count":6,"href":"https:\/\/www.brotherfilms.fr\/en\/wp-json\/wp\/v2\/posts\/49\/revisions"}],"predecessor-version":[{"id":180,"href":"https:\/\/www.brotherfilms.fr\/en\/wp-json\/wp\/v2\/posts\/49\/revisions\/180"}],"wp:featuredmedia":[{"embeddable":true,"href":"https:\/\/www.brotherfilms.fr\/en\/wp-json\/wp\/v2\/media\/77"}],"wp:attachment":[{"href":"https:\/\/www.brotherfilms.fr\/en\/wp-json\/wp\/v2\/media?parent=49"}],"wp:term":[{"taxonomy":"category","embeddable":true,"href":"https:\/\/www.brotherfilms.fr\/en\/wp-json\/wp\/v2\/categories?post=49"},{"taxonomy":"post_tag","embeddable":true,"href":"https:\/\/www.brotherfilms.fr\/en\/wp-json\/wp\/v2\/tags?post=49"}],"curies":[{"name":"wp","href":"https:\/\/api.w.org\/{rel}","templated":true}]}}