{"id":231,"date":"2024-12-03T12:51:14","date_gmt":"2024-12-03T11:51:14","guid":{"rendered":"http:\/\/frem7103.odns.fr\/?p=231"},"modified":"2024-12-04T18:00:10","modified_gmt":"2024-12-04T17:00:10","slug":"diffusion-de-la-serie-le-syndrome-de-la-havane-le-9-octobre-sur-canal","status":"publish","type":"post","link":"https:\/\/www.brotherfilms.fr\/en\/2024\/12\/03\/diffusion-de-la-serie-le-syndrome-de-la-havane-le-9-octobre-sur-canal\/","title":{"rendered":"Diffusion de la s\u00e9rie \u00ab\u00a0Le syndrome de La Havane\u00a0\u00bb le 9 octobre sur CANAL+"},"content":{"rendered":"<p>\u00ab\u00a0Le syndrome de La Havane\u00a0\u00bb r\u00e9alis\u00e9\u00a0par Arthur Bouvart et Jules Giraudat sera diffus\u00e9e sur CANAL+ le mercredi 9 octobre \u00e0 21h ! Les quatre \u00e9pisodes sont disponibles sur MyCanal.\u00a0<a href=\"https:\/\/www.canalplus.com\/decouverte\/le-syndrome-de-la-havane-menace-sur-l-amerique\/h\/26439661_50001\/saisons\/\" data-type=\"link\" data-id=\"https:\/\/www.canalplus.com\/decouverte\/le-syndrome-de-la-havane-menace-sur-l-amerique\/h\/26439661_50001\/saisons\/\" target=\"_blank\" rel=\"noreferrer noopener\">Plus d&rsquo;information ici !<\/a><\/p>\n\n\n\n<p><\/p>","protected":false},"excerpt":{"rendered":"<p>\u00ab\u00a0Le syndrome de La Havane\u00a0\u00bb r\u00e9alis\u00e9\u00a0par Arthur Bouvart et Jules Giraudat sera diffus\u00e9e sur CANAL+ le mercredi 9 octobre \u00e0 21h ! Les quatre \u00e9pisodes sont disponibles sur MyCanal.\u00a0Plus d&rsquo;information ici !<\/p>","protected":false},"author":1,"featured_media":256,"comment_status":"open","ping_status":"open","sticky":false,"template":"","format":"standard","meta":{"footnotes":""},"categories":[1],"tags":[],"class_list":["post-231","post","type-post","status-publish","format-standard","has-post-thumbnail","hentry","category-non-classe"],"_links":{"self":[{"href":"https:\/\/www.brotherfilms.fr\/en\/wp-json\/wp\/v2\/posts\/231","targetHints":{"allow":["GET"]}}],"collection":[{"href":"https:\/\/www.brotherfilms.fr\/en\/wp-json\/wp\/v2\/posts"}],"about":[{"href":"https:\/\/www.brotherfilms.fr\/en\/wp-json\/wp\/v2\/types\/post"}],"author":[{"embeddable":true,"href":"https:\/\/www.brotherfilms.fr\/en\/wp-json\/wp\/v2\/users\/1"}],"replies":[{"embeddable":true,"href":"https:\/\/www.brotherfilms.fr\/en\/wp-json\/wp\/v2\/comments?post=231"}],"version-history":[{"count":4,"href":"https:\/\/www.brotherfilms.fr\/en\/wp-json\/wp\/v2\/posts\/231\/revisions"}],"predecessor-version":[{"id":248,"href":"https:\/\/www.brotherfilms.fr\/en\/wp-json\/wp\/v2\/posts\/231\/revisions\/248"}],"wp:featuredmedia":[{"embeddable":true,"href":"https:\/\/www.brotherfilms.fr\/en\/wp-json\/wp\/v2\/media\/256"}],"wp:attachment":[{"href":"https:\/\/www.brotherfilms.fr\/en\/wp-json\/wp\/v2\/media?parent=231"}],"wp:term":[{"taxonomy":"category","embeddable":true,"href":"https:\/\/www.brotherfilms.fr\/en\/wp-json\/wp\/v2\/categories?post=231"},{"taxonomy":"post_tag","embeddable":true,"href":"https:\/\/www.brotherfilms.fr\/en\/wp-json\/wp\/v2\/tags?post=231"}],"curies":[{"name":"wp","href":"https:\/\/api.w.org\/{rel}","templated":true}]}}