{"id":128,"date":"2023-06-01T17:47:15","date_gmt":"2023-06-01T15:47:15","guid":{"rendered":"http:\/\/frem7103.odns.fr\/?p=128"},"modified":"2024-02-16T15:48:41","modified_gmt":"2024-02-16T14:48:41","slug":"selection-au-figra-2023","status":"publish","type":"post","link":"https:\/\/www.brotherfilms.fr\/en\/2023\/06\/01\/selection-au-figra-2023\/","title":{"rendered":"S\u00e9lection au FiGRA 2023"},"content":{"rendered":"<p>Tr\u00e8s heureux et fiers que deux de nos r\u00e9centes productions aient \u00e9t\u00e9 en comp\u00e9titions au FiGRA 2023 :<br><a href=\"https:\/\/www.figra.fr\/devenir-marilyn\/\" target=\"_blank\" rel=\"noreferrer noopener\">\u00ab\u00a0Devenir Marilyn\u00a0\u00bb de Mich\u00e8le Dominici &#8211; dans la cat\u00e9gorie <em>Autrement Vu<\/em><\/a><br><a href=\"https:\/\/www.figra.fr\/lautre-reve-de-martin-luther-king\/\" target=\"_blank\" rel=\"noreferrer noopener\">\u00ab\u00a0L&rsquo;autre r\u00eave de Martin Luther King\u00a0\u00bb de Barbara Necek &#8211; dans la cat\u00e9gorie <em>Terre(s) d\u2019histoire(s)<\/em><\/a> <\/p>","protected":false},"excerpt":{"rendered":"<p>Tr\u00e8s heureux et fiers que deux de nos r\u00e9centes productions aient \u00e9t\u00e9 en comp\u00e9titions au FiGRA 2023 :\u00ab\u00a0Devenir Marilyn\u00a0\u00bb de Mich\u00e8le Dominici &#8211; dans la cat\u00e9gorie Autrement Vu\u00ab\u00a0L&rsquo;autre r\u00eave de Martin Luther King\u00a0\u00bb de Barbara Necek &#8211; dans la cat\u00e9gorie Terre(s) d\u2019histoire(s)<\/p>","protected":false},"author":1,"featured_media":130,"comment_status":"open","ping_status":"open","sticky":false,"template":"","format":"standard","meta":{"footnotes":""},"categories":[1],"tags":[],"class_list":["post-128","post","type-post","status-publish","format-standard","has-post-thumbnail","hentry","category-non-classe"],"_links":{"self":[{"href":"https:\/\/www.brotherfilms.fr\/en\/wp-json\/wp\/v2\/posts\/128","targetHints":{"allow":["GET"]}}],"collection":[{"href":"https:\/\/www.brotherfilms.fr\/en\/wp-json\/wp\/v2\/posts"}],"about":[{"href":"https:\/\/www.brotherfilms.fr\/en\/wp-json\/wp\/v2\/types\/post"}],"author":[{"embeddable":true,"href":"https:\/\/www.brotherfilms.fr\/en\/wp-json\/wp\/v2\/users\/1"}],"replies":[{"embeddable":true,"href":"https:\/\/www.brotherfilms.fr\/en\/wp-json\/wp\/v2\/comments?post=128"}],"version-history":[{"count":4,"href":"https:\/\/www.brotherfilms.fr\/en\/wp-json\/wp\/v2\/posts\/128\/revisions"}],"predecessor-version":[{"id":181,"href":"https:\/\/www.brotherfilms.fr\/en\/wp-json\/wp\/v2\/posts\/128\/revisions\/181"}],"wp:featuredmedia":[{"embeddable":true,"href":"https:\/\/www.brotherfilms.fr\/en\/wp-json\/wp\/v2\/media\/130"}],"wp:attachment":[{"href":"https:\/\/www.brotherfilms.fr\/en\/wp-json\/wp\/v2\/media?parent=128"}],"wp:term":[{"taxonomy":"category","embeddable":true,"href":"https:\/\/www.brotherfilms.fr\/en\/wp-json\/wp\/v2\/categories?post=128"},{"taxonomy":"post_tag","embeddable":true,"href":"https:\/\/www.brotherfilms.fr\/en\/wp-json\/wp\/v2\/tags?post=128"}],"curies":[{"name":"wp","href":"https:\/\/api.w.org\/{rel}","templated":true}]}}